{"id":35459,"date":"2024-02-08T18:22:09","date_gmt":"2024-02-08T23:22:09","guid":{"rendered":"https:\/\/indianz.com\/News\/?p=35459"},"modified":"2024-02-08T18:22:09","modified_gmt":"2024-02-08T23:22:09","slug":"montana-free-press-governor-silent-on-reservation-law-enforcement","status":"publish","type":"post","link":"https:\/\/indianz.com\/News\/2024\/02\/08\/montana-free-press-governor-silent-on-reservation-law-enforcement\/","title":{"rendered":"Montana Free Press: Governor silent on reservation law enforcement"},"content":{"rendered":" <a href=\"https:\/\/indianz.com\/News\/2024\/02\/08\/montana-free-press-governor-silent-on-reservation-law-enforcement\/greggianforte-5\/\" rel=\"attachment wp-att-35462\"><img loading=\"lazy\" decoding=\"async\" width=\"2560\" height=\"1708\" data-attachment-id=\"35462\" data-permalink=\"https:\/\/indianz.com\/News\/2024\/02\/08\/montana-free-press-governor-silent-on-reservation-law-enforcement\/greggianforte-5\/\" data-orig-file=\"https:\/\/indianz.com\/News\/wp-content\/uploads\/2024\/02\/08\/GregGianforte-scaled.jpg\" data-orig-size=\"2560,1708\" data-comments-opened=\"0\" data-image-title=\"Greg Gianforte\" data-image-description=\"&lt;p&gt;Greg Gianforte&lt;\/p&gt;\n\" data-image-caption=\"&lt;p&gt;Montana Gov. Greg Gianforte (R). Photo: &lt;a href=https:\/\/www.flickr.com\/photos\/194218238@N04\/53215181002\/&gt;Governor Greg Gianforte&lt;\/a&gt;&lt;\/p&gt;\n\" data-large-file=\"https:\/\/indianz.com\/News\/wp-content\/uploads\/2024\/02\/08\/GregGianforte-1024x683.jpg\" src=\"https:\/\/indianz.com\/News\/wp-content\/uploads\/2024\/02\/08\/GregGianforte-scaled.jpg\" alt=\"Greg Gianforte\"   class=\"size-full wp-image-35462\" \/><\/a> <figcaption class=\"figure-caption\">Montana Gov. Greg Gianforte (R). Photo: <a href=https:\/\/www.flickr.com\/photos\/194218238@N04\/53215181002\/>Governor Greg Gianforte<\/a><\/figcaption>\r\n<div class=\"h1-responsive\">Governor still mum on tribal law enforcement in Lake County<\/div>\r\n<div class=\"h5-responsive sub\">\r\nCounty officials frustrated with Gov. Gianforte\u2019s silence over pending changes to reservation law enforcement.<\/div>\r\n<div class=\"date\">Thursday, February 8, 2024<\/div>\r\n<div class=\"byline\">By Justin Franz<\/div>\r\n<DIV class=\"source\">Montana Free Press<\/DIV>\r\n<DIV class=\"source-website\"><A \r\nhref=\"https:\/\/montanafreepress.org\/\">montanafreepress.org<\/A><\/DIV>\r\n<P><\/P>\r\nOfficials in Lake County say the clock is ticking for the state to assume felony law enforcement duties on the Flathead Indian Reservation, but so far they\u2019ve heard nothing from Gov. Greg Gianforte.<P><\/P>\r\n\r\nIn November, the Lake County Commission sent a letter to Gianforte informing him that the local sheriff\u2019s office and criminal justice system would <a href=\"https:\/\/montanafreepress.org\/2023\/12\/01\/many-unknowns-as-lake-county-pulls-out-of-decades-old-tribal-law-enforcement-agreement\/\">no longer handle felony law enforcement<\/a> on the reservation under what is called Public Law 280. The agreement between the state and tribe is one-of-a-kind in Montana. Under the law, the governor has six months to make a proclamation releasing Lake County of its duties. But more than two months after notifying the governor that it wanted out, the county has had no conversations with the state about what law enforcement there would look like in the future. <P><\/P>\r\n\u201cWe have heard nothing,\u201d Commissioner Gale Decker told Montana Free Press this week. \u201cThe clock is ticking and [the deadline of] May 20th is going to be here really soon.\u201d<P><\/P>\r\n\r\nAt the root of Decker\u2019s frustration is the fact that many logistical issues need to be sorted out if Lake County is indeed going to give up its previous law enforcement duties on the reservation.<P><\/P>\r\n\r\n\u201cWhat do we do with the inmates who are tribal members? What do we do with felony prosecutions already in the works? We just have a lot of questions,\u201d he said.<P><\/P>\r\n<div class=\" content_cards_card content_cards_domain_twitter-com\">\n\t\t\t<div class=\"content_cards_image\">\n\t\t\t\t<a class=\"content_cards_image_link\" href=\"https:\/\/twitter.com\/GovGianforte\/status\/1741188908640030737\">\n\t\t\t\t\t<img decoding=\"async\" src=\"https:\/\/indianz.com\/News\/wp-content\/uploads\/2026\/09\/06\/gcnvg-9amae8om6.jpg\" alt=\"Governor Greg Gianforte (@GovGianforte) on X\">\t\t\t\t<\/a>\n\t\t<\/div>\n\t\n\t<div class=\"content_cards_title\">\n\t\t<a class=\"content_cards_title_link\" href=\"https:\/\/twitter.com\/GovGianforte\/status\/1741188908640030737\">\n\t\t\tGovernor Greg Gianforte (@GovGianforte) on X\t\t<\/a>\n\t<\/div>\n\t<div class=\"content_cards_description\">\n\t\t<a class=\"content_cards_description_link\" href=\"https:\/\/twitter.com\/GovGianforte\/status\/1741188908640030737\">\n\t\t\t<p>We\u2019re investing in law enforcement and expanding access to treatment and recovery services to build safer, stronger communities.<\/p>\n\t\t<\/a>\n\t<\/div>\n\t<div class=\"content_cards_site_name\">\n\t\t<img decoding=\"async\" src=\"https:\/\/twitter.com\/favicon.ico\" alt=\"X (formerly Twitter)\" class=\"content_cards_favicon\"\/>\t\tX (formerly Twitter)\t<\/div>\n<\/div>\r\n<P><\/P>\r\nSince the 1960s, most law enforcement on the northwest Montana reservation has been handled locally, rather than by federal officers. Lake County\u2019s justice system handles felony crimes, and (since the 1990s) the tribal system handles misdemeanors. Officials, including Lake County Sheriff Don Bell, said the agreement has been successful because things don\u2019t fall through the cracks like they might with federal agents from out of town.<P><\/P>\r\n\r\nBut for the last few years, officials in Lake County have said fulfilling those law enforcement duties has wreaked havoc on its budget. According to the county, the agreement is costing local taxpayers more than $4 million annually. In years past, county officials said the bill was easier to pay thanks to <a href=\"https:\/\/flatheadbeacon.com\/2017\/03\/02\/amid-declining-tax-revenues-lake-county-reconsiders-reservation-authority\/\">taxes generated by the S\u00e9li\u0161 Ksanka Q\u00cdisp\u00e9 Dam<\/a>, but once the dam was sold to the Confederated Salish and Kootenai Tribes, that revenue dried up. There was also no way for Lake County to pull out of the agreement establishing Public Law 280; only the state or tribe could. <P><\/P>\r\nOver the years, there have been multiple attempts in the Legislature to get the state to help foot the bill. In 2021, one of those passed, but the state only appropriated $1 to the cause. However, that bill did give the county a mechanism to pull out of the agreement, which it is now exercising. Last year, House Bill 479 would have authorized the state to pay $2.5 million annually for two years to Lake County. But despite passing both chambers, Gianforte vetoed it. In his veto letter, the governor \u2014 who in the past has hailed the Public Law 280 agreement as a success \u2014 said the county wanted all the benefits of the agreement without having to pay for it. But the county sees it differently, arguing that since the state entered into the agreement with the tribe, it\u2019s the state\u2019s responsibility to cover the costs.<P><\/P>\r\n\r\nThe county has tried other ways to get the state to help pay, including filing a lawsuit last year. That suit ultimately failed, but the judge did encourage the county to pull out of the agreement.<P><\/P>\r\n\r\n\u201cIf the financial burden Lake County bears is unacceptable, which by all accounts it appears to be, its remedy is to withdraw,\u201d <a href=\"https:\/\/montanafreepress.org\/2023\/11\/22\/judge-sides-with-state-in-ongoing-dispute-over-tribal-law-enforcement-in-lake-county\/\">wrote District Court Judge Amy Eddy in her ruling<\/a>.<P><\/P>\r\n<div class=\" content_cards_card content_cards_domain_indianz-com\">\n\t\t\t<div class=\"content_cards_image\">\n\t\t\t\t<a class=\"content_cards_image_link\" href=\"https:\/\/indianz.com\/News\/2023\/12\/11\/montana-free-press-county-in-dark-after-end-of-tribal-law-enforcement-agreement\/\">\n\t\t\t\t\t<img decoding=\"async\" src=\"https:\/\/indianz.com\/News\/wp-content\/uploads\/2026\/09\/06\/greggianforte.jpg\" alt=\"Montana Free Press: County in dark after end of tribal law enforcement agreement\">\t\t\t\t<\/a>\n\t\t<\/div>\n\t\n\t<div class=\"content_cards_title\">\n\t\t<a class=\"content_cards_title_link\" href=\"https:\/\/indianz.com\/News\/2023\/12\/11\/montana-free-press-county-in-dark-after-end-of-tribal-law-enforcement-agreement\/\">\n\t\t\tMontana Free Press: County in dark after end of tribal law enforcement agreement\t\t<\/a>\n\t<\/div>\n\t<div class=\"content_cards_description\">\n\t\t<a class=\"content_cards_description_link\" href=\"https:\/\/indianz.com\/News\/2023\/12\/11\/montana-free-press-county-in-dark-after-end-of-tribal-law-enforcement-agreement\/\">\n\t\t\t<p>So far, the Montana governor\u2019s office has not said how the state plans to handle law enforcement duties on the Flathead Reservation.<\/p>\n\t\t<\/a>\n\t<\/div>\n\t<div class=\"content_cards_site_name\">\n\t\t<img decoding=\"async\" src=\"https:\/\/www.indianz.com\/favicon.ico\" alt=\"Indianz.Com\" class=\"content_cards_favicon\"\/>\t\tIndianz.Com\t<\/div>\n<\/div>\r\n<P><\/P>\r\nIn November, the county commission sent a letter to Gov. Gianforte informing him they wanted out of the deal. Two weeks after that they sent a follow-up letter asking specific questions of the state, including if it would be providing its own uniformed officers, if the state would prosecute tribal members accused of crimes or would shift that burden to federal agencies, and whether the state will establish its own detention facility to handle prisoners. So far, none of those questions have been answered.<P><\/P>\r\n\r\nFor the three county commissioners in Lake County, the silence is upsetting \u2014 especially since Gianforte is a fellow Republican.<P><\/P>\r\n\r\n\u201cWhat\u2019s ironic is he said he shouldn\u2019t be the one to deal with this issue, that it\u2019s up to the Legislature,\u201d said Commissioner Bill Barron. \u201cWell, they did deal with it, and then he went and vetoed it.\u201d<P><\/P>\r\n<div class=\"mt-1 mb-1\"><ins class=\"adsbygoogle\" style=\"display:block; text-align:center;\" data-ad-layout=\"in-article\" data-ad-format=\"fluid\" data-ad-client=\"ca-pub-8411603009680747\" data-ad-slot=\"6394965691\"><\/ins><script>(adsbygoogle = window.adsbygoogle || []).push({});<\/script><\/div><p><\/p>\r\nIn a statement to MTFP, Gianforte spokesperson Kaitlin Price wrote that the state has \u201cacknowledged receipt\u201d of the letter from November and that it was working on the issue.<P><\/P>\r\n\r\n\u201cThe administration has started its internal process and is committed to holding discussions with stakeholders, including Lake County, to identify a path forward,\u201d she wrote. <P><\/P>\r\n<strong>Note: This story originally <a href=\"https:\/\/montanafreepress.org\/2024\/02\/08\/governor-still-mum-on-tribal-law-enforcement-in-lake-county\/\">appeared on Montana Free Press<\/a>. It is published under a <a href=\"https:\/\/creativecommons.org\/licenses\/by-nc-nd\/3.0\/us\/\">Creative Commons license<\/a>.<\/strong>\r\n<P><\/p>\r\n<div class=\"h4-responsive\">Related Stories<\/div><div class=\"related-story\"><a href=\"https:\/\/indianz.com\/News\/2023\/12\/11\/montana-free-press-county-in-dark-after-end-of-tribal-law-enforcement-agreement\/\" title=\"Montana Free Press: County in dark after end of tribal law enforcement agreement\">Montana Free Press: County in dark after end of tribal law enforcement agreement<\/a> (December 11, 2023)<\/div><div class=\"related-story\"><a href=\"https:\/\/indianz.com\/News\/2023\/11\/28\/montana-free-press-county-withdraws-from-tribal-law-enforcement-agreement\/\" title=\"Montana Free Press: County withdraws from tribal law enforcement agreement\">Montana Free Press: County withdraws from tribal law enforcement agreement<\/a> (November 28, 2023)<\/div>","protected":false},"excerpt":{"rendered":"Local officials say the clock is ticking for the state to assume felony law enforcement duties on the Flathead Reservation.","protected":false},"author":1,"featured_media":35462,"comment_status":"closed","ping_status":"closed","sticky":false,"template":"","format":"standard","meta":{"ngg_post_thumbnail":0,"_jetpack_newsletter_access":"","_jetpack_dont_email_post_to_subs":false,"_jetpack_newsletter_tier_id":0,"_jetpack_memberships_contains_paywalled_content":false,"_vp_format_video_url":"","_vp_image_focal_point":[],"_jetpack_feature_clip_id":0,"_jetpack_memberships_contains_paid_content":false,"footnotes":"","jetpack_post_was_ever_published":false},"categories":[13,1,14],"tags":[101,430,763,397,511,249,194,1681,85,220,499],"class_list":["post-35459","post","type-post","status-publish","format-standard","has-post-thumbnail","hentry","category-law","category-national","category-politics","tag-crime","tag-cskt","tag-greg-gianforte","tag-jurisdiction","tag-law-enforcement","tag-montana","tag-montana-free-press","tag-pl280","tag-republicans","tag-sovereignty","tag-taxation","no-wpautop"],"jetpack_shortlink":"https:\/\/wp.me\/pcoJ7g-9dV","jetpack_sharing_enabled":true,"jetpack_featured_media_url":"https:\/\/indianz.com\/News\/wp-content\/uploads\/2024\/02\/08\/GregGianforte-scaled.jpg","_links":{"self":[{"href":"https:\/\/indianz.com\/News\/wp-json\/wp\/v2\/posts\/35459","targetHints":{"allow":["GET"]}}],"collection":[{"href":"https:\/\/indianz.com\/News\/wp-json\/wp\/v2\/posts"}],"about":[{"href":"https:\/\/indianz.com\/News\/wp-json\/wp\/v2\/types\/post"}],"author":[{"embeddable":true,"href":"https:\/\/indianz.com\/News\/wp-json\/wp\/v2\/users\/1"}],"replies":[{"embeddable":true,"href":"https:\/\/indianz.com\/News\/wp-json\/wp\/v2\/comments?post=35459"}],"version-history":[{"count":6,"href":"https:\/\/indianz.com\/News\/wp-json\/wp\/v2\/posts\/35459\/revisions"}],"predecessor-version":[{"id":35466,"href":"https:\/\/indianz.com\/News\/wp-json\/wp\/v2\/posts\/35459\/revisions\/35466"}],"wp:featuredmedia":[{"embeddable":true,"href":"https:\/\/indianz.com\/News\/wp-json\/wp\/v2\/media\/35462"}],"wp:attachment":[{"href":"https:\/\/indianz.com\/News\/wp-json\/wp\/v2\/media?parent=35459"}],"wp:term":[{"taxonomy":"category","embeddable":true,"href":"https:\/\/indianz.com\/News\/wp-json\/wp\/v2\/categories?post=35459"},{"taxonomy":"post_tag","embeddable":true,"href":"https:\/\/indianz.com\/News\/wp-json\/wp\/v2\/tags?post=35459"}],"curies":[{"name":"wp","href":"https:\/\/api.w.org\/{rel}","templated":true}]}}